{"provider_url": "https://www.curitiba.pr.leg.br", "title": "Vereadora prop\u00f5e criar o m\u00eas do rock em Curitiba", "html": "<p dir=\"ltr\" id=\"docs-internal-guid-914e912c-7fff-3fa9-754d-58ccd80bd879\"><span><img src=\"https://www.curitiba.pr.leg.br/informacao/noticias/imagens-de-noticias/copy_of_54718623045_974cb7f649_w.jpg\" alt=\"\" class=\"image-right\" title=\"\" />Em alus\u00e3o ao <strong>Dia Mundial do Rock</strong>, comemorado em <strong>13 de julho</strong>, a vereadora <strong>Delegada Tathiana Guzella</strong> (Uni\u00e3o) prop\u00f4s um projeto de lei na <strong>C\u00e2mara Municipal de Curitiba (CMC)</strong> que cria uma comemora\u00e7\u00e3o especial para este <strong>g\u00eanero musical na capital do Paran\u00e1</strong>. O objetivo \u00e9 que julho seja o <strong>m\u00eas do rock em Curitiba</strong>, com \u201c<strong>valoriza\u00e7\u00e3o de artistas, bandas e coletivos locais</strong>\u201d.</span></p>\r\n<p dir=\"ltr\"><span>\u201cEm Curitiba, o rock ocupa lugar de <strong>destaque na cena cultural</strong>, sendo a cidade reconhecida nacionalmente por seu circuito musical alternativo, festivais independentes e pela contribui\u00e7\u00e3o de artistas locais que ganharam proje\u00e7\u00e3o nacional e internacional\u201d, afirma a vereadora na justificativa do projeto de lei.</span></p>\r\n<p dir=\"ltr\"><span>Delegada Tathiana coloca como objetivos da proposta \u201cpromover a <strong>difus\u00e3o do rock como express\u00e3o art\u00edstica, cultural e social</strong>\u201d, \u201cincentivar a <strong>valoriza\u00e7\u00e3o de artistas</strong>\u201d, \u201cestimular o <strong>interesse da juventude pela hist\u00f3ria da m\u00fasica</strong>\u201d, \u201cconscientizar sobre o <strong>papel do rock na promo\u00e7\u00e3o da liberdade de express\u00e3o</strong>\u201d e \u201capoiar <strong>iniciativas educativas em escolas, centros culturais e espa\u00e7os p\u00fablicos</strong>\u201d. Esses objetivos aparecem na proposi\u00e7\u00e3o com o nome de \u201c<strong>Campanha de Conscientiza\u00e7\u00e3o e Valoriza\u00e7\u00e3o do Rock</strong>\u201d.\u00a0</span></p>\r\n<p dir=\"ltr\"><span>\u201cDo ponto de vista educacional e social, a campanha tamb\u00e9m se mostra relevante ao aproximar jovens e estudantes da hist\u00f3ria da m\u00fasica e de seus <strong>desdobramentos culturais</strong>, promovendo o interesse pela <strong>arte</strong>, pela <strong>leitura cr\u00edtica da sociedade</strong> e pela <strong>express\u00e3o criativa</strong>. Al\u00e9m disso, ao fomentar a m\u00fasica local, contribui-se para a <strong>gera\u00e7\u00e3o de oportunidades</strong>, a dinamiza\u00e7\u00e3o da <strong>economia criativa e a valoriza\u00e7\u00e3o dos artistas curitibanos</strong>\u201d, defende a parlamentar.</span></p>\r\n<p dir=\"ltr\"><span>A vereadora tamb\u00e9m assegura que a iniciativa est\u00e1 em conson\u00e2ncia com os <strong>princ\u00edpios constitucionais da valoriza\u00e7\u00e3o da cultura</strong>, do <strong>pluralismo cultural</strong> e da <strong>promo\u00e7\u00e3o do acesso \u00e0 arte</strong>, de acordo com o art. </span><a href=\"https://www.jusbrasil.com.br/topicos/10648364/artigo-215-da-constituicao-federal-de-1988\"><span>215/1988</span></a><span> da Constitui\u00e7\u00e3o Federal. Ela tamb\u00e9m inclui as diretrizes do Plano Nacional de Cultura e da pol\u00edtica cultural do Munic\u00edpio.\u00a0</span></p>\r\n<p dir=\"ltr\"><span>O projeto de lei foi protocolado no dia 2 de setembro e j\u00e1 est\u00e1 tramitando nas comiss\u00f5es tem\u00e1ticas da C\u00e2mara de Curitiba. Se aprovado pelos parlamentares e sancionado pelo prefeito, o projeto entra em vigor no dia de sua publica\u00e7\u00e3o. </span><span><br /></span><span>Confira na imagem abaixo como \u00e9 o tr\u00e2mite de um projeto de lei na C\u00e2mara Municipal de Curitiba.\u00a0</span></p>\r\n<p dir=\"ltr\"><span><a title=\"\" href=\"https://www.curitiba.pr.leg.br/atividade-parlamentar/projetos-de-lei\" class=\"external-link\" target=\"_self\"><img src=\"https://www.curitiba.pr.leg.br/informacao/noticias/Boilertramitacao2025.jpeg\" alt=\"\" class=\"image-inline\" title=\"\" /></a></span></p>\r\n<p dir=\"ltr\"><span><span><span><em>*Mat\u00e9ria elaborada pela estudante de Jornalismo Julia Yamane*, especial para a CMC.<br />Supervis\u00e3o do est\u00e1gio: Fernanda Foggiato<br />Edi\u00e7\u00e3o: Jos\u00e9 L\u00e1zaro Jr.<br />Revis\u00e3o: Ricardo Marques</em></span></span></span></p>", "author_name": "Julia Yamane*, especial para CMC", "version": "1.0", "author_url": "https://www.curitiba.pr.leg.br/author/Julia Yamane*, especial para CMC", "provider_name": "Portal da C\u00e2mara Municipal de Curitiba", "type": "rich"}