{"provider_url": "https://www.curitiba.pr.leg.br", "title": "C\u00e2mara de Curitiba recebe Cantata de Natal ", "html": "<p dir=\"ltr\"><span><img src=\"https://www.curitiba.pr.leg.br/informacao/noticias/54970290017_7a351bc06f_c.jpg/@@images/61672e85-24d2-4ba6-b0ed-5e6d5c2b7225.jpeg\" alt=\"\" class=\"image-right\" title=\"\" />Nesta segunda-feira (8), durante a sess\u00e3o plen\u00e1ria, a <strong>Cantata de Natal do Conselho de Ministros Evang\u00e9licos do Paran\u00e1 (COMEP)</strong> se apresentou na C\u00e2mara Municipal de Curitiba (CMC). A apresenta\u00e7\u00e3o contou com a presen\u00e7a de dois corais da cidade, o <strong>Coro Margareth Picler</strong>, do grupo Uninter, e o <strong>Minist\u00e9rio de Louvor da Assembl\u00e9ia de Deus Colombo Miss\u00e3o Integral</strong> (ADCMI). Essa a\u00e7\u00e3o j\u00e1 </span><a href=\"https://www.curitiba.pr.leg.br/informacao/noticias/camara-de-curitiba-recebe-cantata-de-natal-do-comep?searchterm=comep+++natal\"><span>aconteceu em anos anteriores na CMC</span></a><span>.\u00a0</span></p>\r\n<p dir=\"ltr\"><span>Para o presidente da CMC, Tico Kuzma (PSD), <strong>a a\u00e7\u00e3o reflete o esp\u00edrito natalino na cidade</strong>, que busca demonstrar atrav\u00e9s do canto o amor, a uni\u00e3o, a generosidade, a esperan\u00e7a e a gratid\u00e3o por mais um ano que se encerra. Em complemento com o discurso do vereador, o bispo Antonio Cirino Ferro, recitou um <strong>vers\u00edculo b\u00edblico sobre o amor de Deus por toda a humanidade</strong> e fez uma ora\u00e7\u00e3o para aben\u00e7oar toda a cidade.\u00a0</span></p>\r\n<h2><span>Quem s\u00e3o os corais que ministraram na CMC?\u00a0</span></h2>\r\n<p dir=\"ltr\"><span>Durante a sess\u00e3o plen\u00e1ria de hoje, dois corais se apresentaram, o primeiro foi o Coro Margareth Picler, que \u00e9 um projeto inovador e inclusivo que une <strong>vozes de todos os estados brasileiros</strong> em uma experi\u00eancia musical h\u00edbrida e colaborativa. Composto por coralistas de diversas regi\u00f5es do pa\u00eds, o coro promove a <strong>integra\u00e7\u00e3o cultural e art\u00edstica por meio de ensaios presenciais e virtuais</strong>, permitindo que todos possam participar, independentemente da localiza\u00e7\u00e3o.</span></p>\r\n<p dir=\"ltr\"><span>Sob a reg\u00eancia da maestrina Jeimely Heep Bornholdt, o grupo se destaca pela <strong>sensibilidade interpretativa e pela busca constante de excel\u00eancia musical</strong>. A produ\u00e7\u00e3o musical e os arranjos s\u00e3o elaborados pelo compositor Me. Alysson Siqueira, que imprime sua criatividade e talento em cada pe\u00e7a apresentada. <strong>O Coro Margareth Picler \u00e9 mais do que um grupo vocal \u00e9 uma rede de afetos</strong>, aprendizado e express\u00e3o art\u00edstica que celebra a diversidade brasileira por meio da m\u00fasica.</span></p>\r\n<p dir=\"ltr\"><span>O segundo coral foi o Minist\u00e9rio de Louvor da ADCMI, que realiza cultos regulares de louvor e adora\u00e7\u00e3o em suas sedes, al\u00e9m de participarem de eventos regionais para cantarem em nome de Deus.\u00a0</span></p>\r\n<p><em><span>*Mat\u00e9ria elaborada pela estudante de Jornalismo Mariana Aquino*, especial para a CMC.</span></em><br /><em><span>Supervis\u00e3o do est\u00e1gio: Jos\u00e9 L\u00e1zaro Jr.</span></em><br /><em><span>Edi\u00e7\u00e3o: Jos\u00e9 L\u00e1zaro Jr.<br /></span>**Not\u00edcia revisada pelo estudante de Letras Gabriel Kummer</em><br /><em>Supervis\u00e3o do est\u00e1gio: Ricardo Marques</em></p>", "author_name": "Mariana Aquino*, especial para a CMC. | Revis\u00e3o: Gabriel Kummer**", "version": "1.0", "author_url": "https://www.curitiba.pr.leg.br/author/Mariana Aquino*, especial para a CMC. | Revis\u00e3o: Gabriel Kummer**", "provider_name": "Portal da C\u00e2mara Municipal de Curitiba", "type": "rich"}