{"provider_url": "https://www.curitiba.pr.leg.br", "title": "C\u00e2mara Aberta ter\u00e1 4\u00aa edi\u00e7\u00e3o no dia 28 de mar\u00e7o", "html": "<p dir=\"ltr\" id=\"docs-internal-guid-a530bfda-7fff-c16c-0006-6e5b31e9ff22\"><span>A <strong>C\u00e2mara Municipal de Curitiba (CMC)</strong> realiza, no dia 28 de mar\u00e7o, a quarta edi\u00e7\u00e3o do programa </span><span>C\u00e2mara Aberta</span><span>, iniciativa que abre as portas do Legislativo municipal para <strong>aproximar a popula\u00e7\u00e3o do trabalho dos vereadores</strong> e vereadoras. A a\u00e7\u00e3o promove atendimento nos gabinetes dos parlamentares,<strong> di\u00e1logo com a sociedade</strong>, presta\u00e7\u00e3o de servi\u00e7os e <strong>atividades de participa\u00e7\u00e3o popular.</strong></span></p>\r\n<p dir=\"ltr\"><span>Nesta edi\u00e7\u00e3o, o evento ter\u00e1 como tema </span><span>\u201c<strong>C\u00e2mara Aberta \u2013 333 anos</strong>\u201d</span><span>, em refer\u00eancia ao <strong>anivers\u00e1rio de Curitiba,</strong> comemorado em 29 de mar\u00e7o. Durante a programa\u00e7\u00e3o, os </span><span>gabinetes parlamentares estar\u00e3o abertos das 9h \u00e0s 13h</span><span>, permitindo que cidad\u00e3os que n\u00e3o conseguem comparecer \u00e0 C\u00e2mara durante a semana possam <strong>conversar diretamente com os vereadores</strong> e apresentar demandas da comunidade.</span></p>\r\n<p dir=\"ltr\"><span>Tamb\u00e9m est\u00e1 prevista uma </span><span><strong>visita guiada ao Pal\u00e1cio Rio Branco</strong> e ao entorno da pra\u00e7a Eufr\u00e1sio Correia</span><span>, conduzida pela pesquisadora Clarissa Grassi. A atividade ser\u00e1 realizada das 9h \u00e0s 10h30 e requer </span><a href=\"https://www.curitiba.pr.leg.br/institucional/camara-aberta/inscricoes/\"><span>inscri\u00e7\u00e3o pr\u00e9via</span></a><span>. Outra oportunidade de participa\u00e7\u00e3o ser\u00e1 a </span><strong>Tribuna do Povo</strong><span>, no plen\u00e1rio da C\u00e2mara Municipal, das 12h \u00e0s 13h. Nessa atividade, cidad\u00e3os podem apresentar <strong>reivindica\u00e7\u00f5es, sugest\u00f5es ou ideias para</strong> <strong>melhorar o dia a dia da capital.</strong> Para participar, tamb\u00e9m \u00e9 <strong>necess\u00e1rio realizar inscri\u00e7\u00e3o</strong>. Ser\u00e3o </span><span>20 participantes sorteados, com mais cinco suplentes</span><span>.</span></p>\r\n<p class=\"callout\" dir=\"ltr\"><a href=\"https://www.curitiba.pr.leg.br/institucional/camara-aberta/inscricoes/\"><span>&gt;&gt; Fa\u00e7a aqui sua inscri\u00e7\u00e3o</span></a><span> para o Tribuna do Povo.</span></p>\r\n<p dir=\"ltr\"><span>Na programa\u00e7\u00e3o, constam ainda a possibilidade de participa\u00e7\u00e3o em duas atividades educativas na \u00e1rea de finan\u00e7as. Assim, a partir das 9h30, haver\u00e1 palestra voltada para os contadores, com Clarissa Rodrigues Mendes, auditora fiscal de tributos municipais. Com in\u00edcio \u00e0s 10h30, \u00e9 a vez de falar sobre finan\u00e7as com os empreendedores, atividade que ser\u00e1 liderada por Willian Batista de Oliveira, que tamb\u00e9m \u00e9 auditor fiscal de tributos municipais. Clique <a title=\"\" href=\"https://www.curitiba.pr.leg.br/institucional/camara-aberta/inscricoes/\" class=\"external-link\" target=\"_blank\">aqui</a> e fa\u00e7a sua inscri\u00e7\u00e3o. Al\u00e9m das atividades institucionais, o p\u00fablico ter\u00e1 acesso a diferentes servi\u00e7os e atra\u00e7\u00f5es no p\u00e1tio interno da C\u00e2mara, entre elas </span><span>barraca de org\u00e2nicos, feira de artesanato, orienta\u00e7\u00f5es da Pr\u00f3-Renal e distribui\u00e7\u00e3o de mudas de \u00e1rvores</span><span>.</span></p>\r\n<h2 dir=\"ltr\"><span>O que \u00e9 o C\u00e2mara Aberta?</span></h2>\r\n<p dir=\"ltr\"><span>O </span><span>C\u00e2mara Aberta</span><span> \u00e9 um programa realizado pela <strong>C\u00e2mara Municipal de Curitiba</strong> com o objetivo de abrir as portas da institui\u00e7\u00e3o em dias alternativos ao expediente tradicional, estimulando a <strong>aproxima\u00e7\u00e3o entre o Legislativo e a popula\u00e7\u00e3o.</strong></span></p>\r\n<p dir=\"ltr\"><span>A iniciativa tem como foco:</span></p>\r\n<ul>\r\n<li dir=\"ltr\" style=\"list-style-type:disc; \">\r\n<p dir=\"ltr\"><span>atendimento ao p\u00fablico;</span></p>\r\n</li>\r\n<li dir=\"ltr\" style=\"list-style-type:disc; \">\r\n<p dir=\"ltr\"><span>escuta cidad\u00e3;</span></p>\r\n</li>\r\n<li dir=\"ltr\" style=\"list-style-type:disc; \">\r\n<p dir=\"ltr\"><span>valoriza\u00e7\u00e3o dos espa\u00e7os p\u00fablicos como locais de conviv\u00eancia e participa\u00e7\u00e3o popular.</span></p>\r\n</li>\r\n</ul>\r\n<p dir=\"ltr\"><span>O programa tamb\u00e9m refor\u00e7a o compromisso da Casa com a </span><strong>transpar\u00eancia, a inclus\u00e3o e o fortalecimento da democracia participativa</strong><span>. A a\u00e7\u00e3o ainda dialoga com o programa </span><span>Curitiba de Volta ao Centro</span><span>, lan\u00e7ado neste ano pela Prefeitura de Curitiba para incentivar a ocupa\u00e7\u00e3o e a <strong>revitaliza\u00e7\u00e3o da Regi\u00e3o Central da cidade</strong>.</span></p>\r\n<p dir=\"ltr\"><span>As edi\u00e7\u00f5es anteriores do C\u00e2mara Aberta foram realizadas em </span><span>14 de junho, 13 de setembro e 29 de novembro de 2025</span><span>. </span><span><br /></span><span><br /></span><span>&gt;&gt; Clique </span><a href=\"https://www.curitiba.pr.leg.br/@@search?b_start:int=10&amp;sort_on=Date&amp;sort_order=reverse&amp;Subject:list=C%C3%A2mara%20Aberta\"><span>aqui</span></a><span> e veja todas as not\u00edcias sobre o C\u00e2mara Aberta.</span></p>\r\n<h2 dir=\"ltr\"><span>Programa\u00e7\u00e3o</span></h2>\r\n<p dir=\"ltr\"><span>9h \u00e0s 10h30 \u2014 Plen\u00e1rio</span><span><br /></span><span>Visita guiada ao Pal\u00e1cio Rio Branco e ao entorno da pra\u00e7a Eufr\u00e1sio Correia, com a pesquisadora </span><span>Clarissa Grassi.</span></p>\r\n<p dir=\"ltr\"><span><span>9h \u00e0s 13h \u2014 P\u00e1tio Interno</span><span><br /></span><span>Barraca de org\u00e2nicos, orienta\u00e7\u00f5es da Pr\u00f3-Renal, feira de artesanato e distribui\u00e7\u00e3o de mudas.</span><br /><br />10h30 \u00e0s 12h \u2014 Audit\u00f3rio</span><span><br /></span><span>Palestra \"Reforma Tribut\u00e1ria: n\u00e3o cumulatividade e simplifica\u00e7\u00e3o cont\u00e1bil\", com </span><span>Clarissa Rodrigues Mendes,</span><span> auditora fiscal de tributos municipais.</span></p>\r\n<p dir=\"ltr\"><span>10h30 \u00e0s 12h \u2014 Plen\u00e1rio</span><span><br /></span><span>Palestra \"Reforma Tribut\u00e1ria: A nova l\u00f3gica na tributa\u00e7\u00e3o do consumo e os impactos negociais\", com </span><span>Willian Batista de Oliveira, </span><span>auditor fiscal de tributos municipais.</span></p>\r\n<p dir=\"ltr\"><span>12h \u00e0s 13h \u2014 Plen\u00e1rio</span><span><br /></span><span>Tribuna do Povo (20 participantes sorteados e 5 suplentes).</span></p>\r\n<h2 dir=\"ltr\"><span>Servi\u00e7o</span></h2>\r\n<p dir=\"ltr\"><span>C\u00e2mara Aberta \u2013 Edi\u00e7\u00e3o 333 anos</span></p>\r\n<p dir=\"ltr\"><span>\ud83d\udcc5 28 de mar\u00e7o</span><span><br /></span><span> \ud83d\udccd Pra\u00e7a Eufr\u00e1sio Correia \u2013 Centro</span><span><br /></span><span> \ud83d\udd58 S\u00e1bado, das 9h \u00e0s 13h</span><span><br /></span><span> \ud83c\udf9f\ufe0f Entrada gratuita (algumas das atividades requerem inscri\u00e7\u00e3o)</span></p>\r\n<p><em>*Not\u00edcia revisada pelo estudante de Letras Gabriel Kummer</em><br /><em>Supervis\u00e3o do est\u00e1gio: Ricardo Marques</em></p>", "author_name": "Marcio Silva | Revis\u00e3o: Gabriel Kummer*", "version": "1.0", "author_url": "https://www.curitiba.pr.leg.br/author/Marcio Silva | Revis\u00e3o: Gabriel Kummer*", "provider_name": "Portal da C\u00e2mara Municipal de Curitiba", "type": "rich"}