{"provider_url": "https://www.curitiba.pr.leg.br", "title": "Agenda da C\u00e2mara de Curitiba: semana ter\u00e1 5 Sess\u00f5es Solenes", "html": "<p dir=\"ltr\"><span>Nesta semana, entre os dias 8 e 12 de dezembro, al\u00e9m das sess\u00f5es plen\u00e1rias de </span><a href=\"https://www.curitiba.pr.leg.br/informacao/noticias/doacao-de-area-aos-bombeiros-e-credito-ao-sine-curitiba-pauta-desta-segunda\"><span>segunda</span></a><span>, </span><a href=\"https://www.curitiba.pr.leg.br/informacao/noticias/na-terca-camara-vota-ampliacao-do-consorcio-das-guardas-municipais\"><span>ter\u00e7a</span></a><span> e </span><a href=\"https://www.curitiba.pr.leg.br/informacao/noticias/orcamento-de-curitiba-vereadores-votam-ppa-2026-2029-na-quarta-feira\"><span>quarta-feira</span></a><span>, a <strong>C\u00e2mara Municipal de Curitiba (CMC)</strong> realizar\u00e1 Sess\u00f5es Solenes no plen\u00e1rio do Pal\u00e1cio Rio Branco diariamente. Tamb\u00e9m est\u00e3o previstas a realiza\u00e7\u00e3o de <strong>quatro reuni\u00f5es de comiss\u00f5es permanentes</strong>: Constitui\u00e7\u00e3o e Justi\u00e7a, Urbanismo, Economia e Servi\u00e7o P\u00fablico.\u00a0 A agenda institucional ainda conta com<strong> diversas visitas guiadas</strong>. Confira outras informa\u00e7\u00f5es sobre as atividades da pr\u00f3xima semana:</span></p>\r\n<p class=\"callout\" dir=\"ltr\"><span>=&gt; </span><a href=\"https://www.curitiba.pr.leg.br/institucional/agenda-de-atividades\"><span>Acompanhe a agenda oficial de atividades da C\u00e2mara de Curitiba</span></a><span>.</span></p>\r\n<h2 dir=\"ltr\"><span>Reconhecimento aos agentes de tr\u00e2nsito abre semana de homenagens</span></h2>\r\n<p dir=\"ltr\"><span>Nesta segunda (8), das 19h \u00e0s 21h, o Pal\u00e1cio Rio Branco sedia Sess\u00e3o Solene em <strong>homenagem aos agentes de tr\u00e2nsito da cidade</strong>. A iniciativa \u00e9 da vereadora</span><a href=\"https://www.curitiba.pr.leg.br/vereadores/vereadores-19a-legislatura/delegada-tathiana-guzella\"><span> </span><span>Delegada Tathiana Guzella (Uni\u00e3o)</span></a><span>. De acordo com o requerimento que formalizou o evento, a homenagem visa reconhecer \u201c<strong>o trabalho essencial e dedicado desses profissionais</strong> que, diariamente, atuam na organiza\u00e7\u00e3o, fiscaliza\u00e7\u00e3o e seguran\u00e7a do tr\u00e2nsito, garantindo o bom funcionamento da mobilidade urbana e a <strong>prote\u00e7\u00e3o da vida de motoristas, pedestres e ciclistas</strong>\". Conforme a vereadora, os agentes de tr\u00e2nsito exercem suas fun\u00e7\u00f5es com <strong>responsabilidade, t\u00e9cnica e comprometimento</strong>, \u201cmuitas vezes em condi\u00e7\u00f5es adversas, enfrentando intemp\u00e9ries e situa\u00e7\u00f5es de risco, sempre em prol do interesse p\u00fablico e da seguran\u00e7a vi\u00e1ria\u201d (</span><a href=\"http://www.cmc.pr.gov.br/wspl/sistema/ProposicaoDetalhesForm.do?select_action=&amp;ordena=061.00078.2025&amp;pro_id=572241&amp;popup=s&amp;chamado_por_link&amp;pesquisa=solene\"><span>061.00078.2025</span></a><span>).</span></p>\r\n<h2 dir=\"ltr\"><span>Na ter\u00e7a, CMC celebra os triciclistas</span></h2>\r\n<p dir=\"ltr\"><span>Tamb\u00e9m por iniciativa de </span><a href=\"https://www.curitiba.pr.leg.br/vereadores/vereadores-19a-legislatura/delegada-tathiana-guzella\"><span>Delegada Tathiana Guzella (Uni\u00e3o)</span></a><span>, a C\u00e2mara Municipal de Curitiba (CMC) promove, na ter\u00e7a-feira (9), Sess\u00e3o Solene em <strong>homenagem aos triciclistas da cidade</strong>. A atividade ter\u00e1 in\u00edcio \u00e0s 19h, com transmiss\u00e3o pelo canal oficial da CMC no YouTube. A parlamentar justifica, no requerimento que autorizou o evento, que o objetivo da iniciativa \u00e9 <strong>reconhecer a trajet\u00f3ria, a uni\u00e3o e a representatividade desta comunidade</strong> em Curitiba, que, por meio de suas atividades, promove a <strong>integra\u00e7\u00e3o social</strong>, o <strong>turismo</strong>, a solidariedade e o <strong>respeito no tr\u00e2nsito</strong>.</span></p>\r\n<p dir=\"ltr\"><span>\u201cOs triciclistas se destacam n\u00e3o apenas pela paix\u00e3o pelo motociclismo e pelos ve\u00edculos de tr\u00eas rodas, mas tamb\u00e9m por <strong>seu esp\u00edrito comunit\u00e1rio, participando de a\u00e7\u00f5es sociais, campanhas de arrecada\u00e7\u00e3o e eventos beneficentes</strong> que fortalecem o senso de coletividade e cidadania\u201d, completa Tathiana Guzella (</span><a href=\"http://www.cmc.pr.gov.br/wspl/sistema/ProposicaoDetalhesForm.do?select_action=&amp;ordena=061.00081.2025&amp;pro_id=573120&amp;popup=s&amp;chamado_por_link&amp;pesquisa=triciclista\"><span>061.00081.2025</span></a><span>).</span></p>\r\n<p dir=\"ltr\"><span>Ainda na ter\u00e7a, a partir das 13h30, est\u00e1 agendada reuni\u00e3o da Comiss\u00e3o de Constitui\u00e7\u00e3o e Justi\u00e7a. A pauta do encontro, com os projetos de lei que ser\u00e3o analisados pelos vereadores, ainda n\u00e3o foi divulgada, o que deve ocorrer na v\u00e9spera, por meio do </span><a href=\"https://www.cmc.pr.gov.br/wspl/sistema/ProposicaoConsultaForm.do?resetfull_action=\"><span>Sistema de Proposi\u00e7\u00f5es Legislativas</span></a><span>.</span></p>\r\n<h2><span>Quarta-feira deve ter 3 reuni\u00f5es de comiss\u00f5es</span></h2>\r\n<p dir=\"ltr\"><span>A Comiss\u00e3o de Urbanismo, Obras P\u00fablicas e TI abre os trabalhos na quarta-feira (10), com encontro agendado \u00e0s 8h. A </span><a href=\"https://www.cmc.pr.gov.br/wspl/sistema/DacPautaReuniaoVerForm.do?pac_id=2167&amp;select_action=\"><span>pauta do colegiado</span></a><span> j\u00e1 foi divulgada e prev\u00ea a <strong>delibera\u00e7\u00e3o dos vereadores para seis projetos de lei</strong>, entre eles o de Guilherme Kilter (Novo) que institui a <strong>Pol\u00edtica Municipal de Informa\u00e7\u00e3o e Transpar\u00eancia </strong>sobre Inunda\u00e7\u00f5es e Enchentes em \u00c1reas de Risco.\u00a0<br /><br />A justificativa, explica o parlamentar, \u00e9 \u201c<strong>permitir que a popula\u00e7\u00e3o acompanhe e fiscalize as a\u00e7\u00f5es de preven\u00e7\u00e3o</strong> e mitiga\u00e7\u00e3o contra enchentes e inunda\u00e7\u00f5es realizadas pelo poder p\u00fablico\u201d (</span><a href=\"https://www.cmc.pr.gov.br/wspl/sistema/ProposicaoDetalhesForm.do?select_action=&amp;cod=005.00199.2025\"><span>005.00199.2025</span></a><span>). A relatoria est\u00e1 sob a responsabilidade do vereador Da Costa (Uni\u00e3o). Com a libera\u00e7\u00e3o por parte de Urbanismo, a mat\u00e9ria estar\u00e1 apta a ser debatida e votada em plen\u00e1rio.</span></p>\r\n<p dir=\"ltr\"><span>Mais tarde, \u00e0s 14h, constam na agenda oficial do Poder Legislativo outros dois compromissos: <strong>reuni\u00e3o da Comiss\u00e3o de Economia, Finan\u00e7as e Fiscaliza\u00e7\u00e3o</strong>, \u00e0s 14h; e <strong>reuni\u00e3o da Comiss\u00e3o de Servi\u00e7o P\u00fablico</strong>, \u00e0s 14h30. As pautas com as propostas de lei que ser\u00e3o analisadas ainda n\u00e3o foram divulgadas, o que deve ocorrer na v\u00e9spera, por meio do </span><a href=\"https://www.cmc.pr.gov.br/wspl/sistema/ProposicaoConsultaForm.do?resetfull_action=\"><span>Sistema de Proposi\u00e7\u00f5es Legislativas</span></a><span>.</span></p>\r\n<p dir=\"ltr\"><span>Os trabalhos de quarta-feira ser\u00e3o encerrados com solenidade para entrega de diversos Votos de Congratula\u00e7\u00f5es e Aplausos aprovados pelo Legislativo. A iniciativa \u00e9 do vereador</span><a href=\"https://www.curitiba.pr.leg.br/vereadores/vereadores-19a-legislatura/leonidas-dias\"><span> </span><span>Leonidas Dias (Pode)</span></a><span> e ter\u00e1 transmiss\u00e3o via YouTube, a partir das 19h30.</span></p>\r\n<h2 dir=\"ltr\"><span>Quinta e sexta tamb\u00e9m ter\u00e3o Sess\u00f5es Solenes</span></h2>\r\n<p dir=\"ltr\"><span>Na quinta-feira (11), \u00e0s 19h, a C\u00e2mara ter\u00e1 Solene para a entrega de diversos Votos de Congratula\u00e7\u00f5es e Aplausos aprovados pela Casa. A iniciativa \u00e9 do vereador</span><a href=\"https://www.curitiba.pr.leg.br/vereadores/vereadores-19a-legislatura/nori-seto\"><span> </span><span>Nori Seto (PP)</span></a><span>. <strong>O Dia da B\u00edblia tematiza a \u00faltima solenidade da semana</strong>, por iniciativa da vereadora </span><a href=\"https://www.curitiba.pr.leg.br/vereadores/vereadores-19a-legislatura/sargento-tania-guerreiro\"><span>Sargento T\u00e2nia Guerreiro (Pode)</span></a><span>. Conforme a parlamentar, o Dia da B\u00edblia \u00e9 celebrado no segundo domingo de dezembro. A celebra\u00e7\u00e3o teria sido criada em 1549, na Gr\u00e3-Bretanha, pelo bispo Cranmer, que <strong>incluiu a data no livro de ora\u00e7\u00f5es do rei Eduardo VI</strong>.</span><span><br /></span><span><br /></span><span> \u201c<strong>O Dia da B\u00edblia \u00e9 um dia especial, e foi criado para que a popula\u00e7\u00e3o intercedesse em favor da leitura da B\u00edblia</strong>. No Brasil, a data come\u00e7ou a ser celebrada em 1850, quando os primeiros mission\u00e1rios crist\u00e3os evang\u00e9licos chegaram da Europa e dos EUA. Por\u00e9m, <strong>a primeira comemora\u00e7\u00e3o p\u00fablica aconteceu em 1948</strong>, no Monumento do Ipiranga, em S\u00e3o Paulo (SP), ano em que foi fundada a Sociedade B\u00edblica do Brasil (SBB)\u201d, justifica a vereadora (</span><a href=\"http://www.cmc.pr.gov.br/wspl/sistema/ProposicaoDetalhesForm.do?select_action=&amp;ordena=061.00077.2025&amp;pro_id=572415&amp;popup=s&amp;chamado_por_link&amp;pesquisa=dia%20da%20biblia\"><span>061.00077.2025</span></a><span>).</span></p>\r\n<h2><span>Programa de visita\u00e7\u00e3o da CMC: Escola do Legislativo coordena visitas da semana</span></h2>\r\n<p dir=\"ltr\"><span>Tr\u00eas grupos de estudantes visitar\u00e3o a C\u00e2mara de Curitiba na pr\u00f3xima semana conforme a</span><a href=\"https://www.curitiba.pr.leg.br/institucional/agenda-de-atividades\"><span> </span><span>agenda oficial do Legislativo</span></a><span>. As visitas s\u00e3o coordenadas pela</span><a href=\"https://www.curitiba.pr.leg.br/institucional/escola-do-legislativo\"><span> </span><span>Escola do Legislativo Maria Olympia Carneiro Mochel</span></a><span>. O objetivo do programa \u00e9 explicar as fun\u00e7\u00f5es do Poder Legislativo. O agendamento \u00e9 realizado no pr\u00f3prio site da CMC (</span><a href=\"https://www.curitiba.pr.leg.br/institucional/visite-a-cmc\"><span>clique aqui</span></a><span>). Estudantes do 1\u00ba ano do ensino fundamental at\u00e9 a faculdade, comitivas de outros pa\u00edses e demais grupos interessados recebem orienta\u00e7\u00f5es sobre como s\u00e3o realizadas as sess\u00f5es plen\u00e1rias, o que faz um vereador e como a CMC contribui para o desenvolvimento da cidade. No roteiro, os visitantes passam pelo plen\u00e1rio, pela sala das comiss\u00f5es e pelo audit\u00f3rio do Legislativo. As visitas podem sofrer altera\u00e7\u00f5es de acordo com o tamanho do grupo, as orienta\u00e7\u00f5es de seguran\u00e7a e a agenda da Casa.</span></p>\r\n<p><em>*Not\u00edcia revisada pelo estudante de Letras Gabriel Kummer</em><br /><em>Supervis\u00e3o do est\u00e1gio: Ricardo Marques</em></p>", "author_name": "Marcio Silva | Revis\u00e3o: Gabriel Kummer*", "version": "1.0", "author_url": "https://www.curitiba.pr.leg.br/author/Marcio Silva | Revis\u00e3o: Gabriel Kummer*", "provider_name": "Portal da C\u00e2mara Municipal de Curitiba", "type": "rich"}